{"id":554,"date":"2022-03-02T13:34:11","date_gmt":"2022-03-02T12:34:11","guid":{"rendered":"https:\/\/boxpack.es\/blog\/?p=554"},"modified":"2022-03-02T13:40:46","modified_gmt":"2022-03-02T12:40:46","slug":"cajas-automontables-serie-eiffel","status":"publish","type":"post","link":"https:\/\/boxpack.es\/blog\/cajas-automontables-serie-eiffel\/","title":{"rendered":"Serie Eiffel, Cajas Automontables con Dise\u00f1o Actual."},"content":{"rendered":"<h1><img loading=\"lazy\" decoding=\"async\" class=\"aligncenter wp-image-555 size-full\" title=\"Serie Eiffel. Cajas de cart\u00f3n automontables\" src=\"https:\/\/boxpack.es\/blog\/wp-content\/uploads\/2022\/03\/banner-peque\u00f1o-2.jpg\" alt=\"Cajas de cart\u00f3n automontables serie Eiffel\" width=\"939\" height=\"665\" srcset=\"https:\/\/boxpack.es\/blog\/wp-content\/uploads\/2022\/03\/banner-peque\u00f1o-2.jpg 939w, https:\/\/boxpack.es\/blog\/wp-content\/uploads\/2022\/03\/banner-peque\u00f1o-2-300x212.jpg 300w, https:\/\/boxpack.es\/blog\/wp-content\/uploads\/2022\/03\/banner-peque\u00f1o-2-768x544.jpg 768w\" sizes=\"(max-width: 939px) 100vw, 939px\" \/><em>SERIE <strong>EIFFEL<\/strong><\/em><\/h1>\n<h3><strong>Cajas automontables para joyer\u00eda y bisuter\u00eda.<\/strong><\/h3>\n<p>Serie lanzada en 2020 y con una gran acogida por parte de nuestros clientes. Intentamos <strong>romper el dise\u00f1o cl\u00e1sico<\/strong> de las cajas para joyer\u00eda y bisuter\u00eda.&nbsp;Cambiamos&nbsp;el dise\u00f1o cl\u00e1sico de caja de dos piezas o con bisagra, realizando un dise\u00f1o en una pieza en <strong>forma de prisma triangular<\/strong>.&nbsp;Adem\u00e1s a\u00f1adimos un cierre con lazo. <strong>Consiguiendo as\u00ed un dise\u00f1o actual y rompedor<\/strong>.<\/p>\n<p><img loading=\"lazy\" decoding=\"async\" class=\"aligncenter wp-image-561\" src=\"https:\/\/boxpack.es\/blog\/wp-content\/uploads\/2022\/03\/web_008.jpg\" alt=\"cajas automontables serie eiffel cierre lazo\" width=\"550\" height=\"367\" srcset=\"https:\/\/boxpack.es\/blog\/wp-content\/uploads\/2022\/03\/web_008.jpg 900w, https:\/\/boxpack.es\/blog\/wp-content\/uploads\/2022\/03\/web_008-300x200.jpg 300w, https:\/\/boxpack.es\/blog\/wp-content\/uploads\/2022\/03\/web_008-768x513.jpg 768w\" sizes=\"(max-width: 550px) 100vw, 550px\" \/><\/p>\n<p>Actualmente la <strong>serie Eiffel consta de 2 tama\u00f1os y en 3 colores diferentes<\/strong>. Las aplicaciones para estas cajas automontables son diversas ya que el interior es universal (vac\u00edo). Con el fin de&nbsp;que las piezas luzcan mejor en esta colecci\u00f3n ponemos a disposici\u00f3n de nuestros clientes unas <span style=\"text-decoration: underline;\"><a href=\"https:\/\/boxpack.es\/interiores-espuma\/1234-interior-espuma-serie-eiffel-98x41x8-mm-ie-fl1.html\" target=\"_blank\">Espumas flocadas<\/a><\/span> para poner en su interior. Por otro lado tambi\u00e9n conseguimos que las piezas est\u00e9n sujetas en el interior de la caja.<\/p>\n<p>Las cajas automontables est\u00e1n realizadas en diferentes materiales dependiendo del color de la caja. En primer lugar la caja <strong>kraft<\/strong> est\u00e1 fabricada en&nbsp;cart\u00f3n y cinta de grosgrain para el cierre. En segundo lugar tanto la caja <strong>blanca<\/strong> como la <strong>rosa cuarzo<\/strong> est\u00e1n realizadas con cart\u00f3n laminado mate y cinta de sat\u00e9n para el cierre.<\/p>\n<p>Todas las cajas&nbsp;est\u00e1n fabricadas&nbsp;con un <strong>cart\u00f3n de 400 gr\/m<sup>2<\/sup><\/strong> para que sean consistentes y protejan los productos que est\u00e9n en su interior.<\/p>\n<h4>&nbsp;<\/h4>\n<h4><strong>Monta tus cajas serie Eiffel<\/strong><\/h4>\n<p><a href=\"https:\/\/youtu.be\/9VIv2Y8ge9c\" target=\"_blank\"><img loading=\"lazy\" decoding=\"async\" class=\"aligncenter wp-image-565\" title=\"Video demostrativo\" src=\"https:\/\/boxpack.es\/blog\/wp-content\/uploads\/2022\/03\/banner-peque\u00f1o.jpg\" alt=\"Instrucciones para montar las cajas eiffel\" width=\"500\" height=\"354\" srcset=\"https:\/\/boxpack.es\/blog\/wp-content\/uploads\/2022\/03\/banner-peque\u00f1o.jpg 939w, https:\/\/boxpack.es\/blog\/wp-content\/uploads\/2022\/03\/banner-peque\u00f1o-300x212.jpg 300w, https:\/\/boxpack.es\/blog\/wp-content\/uploads\/2022\/03\/banner-peque\u00f1o-768x544.jpg 768w\" sizes=\"(max-width: 500px) 100vw, 500px\" \/><\/a><\/p>\n<p style=\"text-align: center;\">1.Colocamos la caja con las aperturas interiores hacia arriba<\/p>\n<p style=\"text-align: center;\">2.Plegamos poco a poco la caja por el extremo superior e inferior.<\/p>\n<p style=\"text-align: center;\">3.Tiramos del centro de las aperturas interiores hacia el exterior.<\/p>\n<p style=\"text-align: center;\">4.Terminamos de plegar y realizamos el lazo.<\/p>\n<p style=\"text-align: center;\">A continuaci\u00f3n os mostramos un breve video demostrativo de como montar las cajitas.<\/p>\n<p style=\"text-align: center;\">&nbsp;<\/p>\n<p style=\"text-align: center;\"><strong><iframe loading=\"lazy\" src=\"https:\/\/www.youtube.com\/embed\/9VIv2Y8ge9c\" width=\"404\" height=\"220\" frameborder=\"0\" allowfullscreen=\"allowfullscreen\"><\/iframe><\/strong><\/p>\n<p style=\"text-align: center;\">&nbsp;<\/p>\n<p style=\"text-align: center;\"><a href=\"https:\/\/boxpack.es\/183-eiffel-cajas-joyeria-y-bisuteria\"><img loading=\"lazy\" decoding=\"async\" class=\"aligncenter wp-image-570 size-large\" src=\"https:\/\/boxpack.es\/blog\/wp-content\/uploads\/2022\/03\/banner-eiffel-2-4-e1646222709213-1024x256.jpg\" alt=\"Cajas Automontables para joyeria y bisuteria serie Eiffel\" width=\"1024\" height=\"256\" srcset=\"https:\/\/boxpack.es\/blog\/wp-content\/uploads\/2022\/03\/banner-eiffel-2-4-e1646222709213-1024x256.jpg 1024w, https:\/\/boxpack.es\/blog\/wp-content\/uploads\/2022\/03\/banner-eiffel-2-4-e1646222709213-300x75.jpg 300w, https:\/\/boxpack.es\/blog\/wp-content\/uploads\/2022\/03\/banner-eiffel-2-4-e1646222709213-768x192.jpg 768w\" sizes=\"(max-width: 1024px) 100vw, 1024px\" \/><\/a><\/p>\n","protected":false},"excerpt":{"rendered":"<p>SERIE EIFFEL Cajas automontables para joyer\u00eda y bisuter\u00eda. Serie lanzada en 2020 y con una gran acogida por parte de nuestros clientes. Intentamos romper el dise\u00f1o cl\u00e1sico de las cajas para joyer\u00eda y bisuter\u00eda.&nbsp;Cambiamos&nbsp;el dise\u00f1o cl\u00e1sico de caja de dos piezas o con bisagra, realizando un dise\u00f1o en una pieza en forma de prisma triangular.&nbsp;Adem\u00e1s&hellip;<\/p>\n","protected":false},"author":2,"featured_media":555,"comment_status":"open","ping_status":"open","sticky":false,"template":"","format":"standard","meta":{"ngg_post_thumbnail":0,"footnotes":""},"categories":[1],"tags":[17,68,15,65,21,20,14,70,69,35],"_links":{"self":[{"href":"https:\/\/boxpack.es\/blog\/wp-json\/wp\/v2\/posts\/554"}],"collection":[{"href":"https:\/\/boxpack.es\/blog\/wp-json\/wp\/v2\/posts"}],"about":[{"href":"https:\/\/boxpack.es\/blog\/wp-json\/wp\/v2\/types\/post"}],"author":[{"embeddable":true,"href":"https:\/\/boxpack.es\/blog\/wp-json\/wp\/v2\/users\/2"}],"replies":[{"embeddable":true,"href":"https:\/\/boxpack.es\/blog\/wp-json\/wp\/v2\/comments?post=554"}],"version-history":[{"count":11,"href":"https:\/\/boxpack.es\/blog\/wp-json\/wp\/v2\/posts\/554\/revisions"}],"predecessor-version":[{"id":572,"href":"https:\/\/boxpack.es\/blog\/wp-json\/wp\/v2\/posts\/554\/revisions\/572"}],"wp:featuredmedia":[{"embeddable":true,"href":"https:\/\/boxpack.es\/blog\/wp-json\/wp\/v2\/media\/555"}],"wp:attachment":[{"href":"https:\/\/boxpack.es\/blog\/wp-json\/wp\/v2\/media?parent=554"}],"wp:term":[{"taxonomy":"category","embeddable":true,"href":"https:\/\/boxpack.es\/blog\/wp-json\/wp\/v2\/categories?post=554"},{"taxonomy":"post_tag","embeddable":true,"href":"https:\/\/boxpack.es\/blog\/wp-json\/wp\/v2\/tags?post=554"}],"curies":[{"name":"wp","href":"https:\/\/api.w.org\/{rel}","templated":true}]}}