{"id":1084,"date":"2022-10-12T08:00:00","date_gmt":"2022-10-12T07:00:00","guid":{"rendered":"https:\/\/boxpack.es\/blog\/?p=1084"},"modified":"2022-10-10T06:09:40","modified_gmt":"2022-10-10T05:09:40","slug":"por-un-feliz-dia-del-pilar","status":"publish","type":"post","link":"https:\/\/boxpack.es\/blog\/por-un-feliz-dia-del-pilar\/","title":{"rendered":"\u00a1Por un feliz d\u00eda del Pilar!"},"content":{"rendered":"<div class=\"wp-block-image\">\n<figure class=\"aligncenter size-full\"><img loading=\"lazy\" decoding=\"async\" width=\"939\" height=\"665\" src=\"https:\/\/boxpack.es\/blog\/wp-content\/uploads\/2022\/10\/Cabecera-post-feliz-dia-del-pilar.jpg\" alt=\"feliz dia del pilar\" class=\"wp-image-1101\" srcset=\"https:\/\/boxpack.es\/blog\/wp-content\/uploads\/2022\/10\/Cabecera-post-feliz-dia-del-pilar.jpg 939w, https:\/\/boxpack.es\/blog\/wp-content\/uploads\/2022\/10\/Cabecera-post-feliz-dia-del-pilar-300x212.jpg 300w, https:\/\/boxpack.es\/blog\/wp-content\/uploads\/2022\/10\/Cabecera-post-feliz-dia-del-pilar-768x544.jpg 768w\" sizes=\"(max-width: 939px) 100vw, 939px\" \/><\/figure><\/div>\n\n\n<p>Desde la <strong>familia de Boxpack<\/strong> os deseamos a todos\/as los\/as zaragozanos\/as \u00a1<strong>un feliz d\u00eda del Pilar<\/strong> &#x1f917;! Tambi\u00e9n, por supuesto, a los habitantes de la ciudad que, aun no habiendo nacido en Zaragoza, son y se sienten ma\u00f1icos\/as como todos nosotros\/as &#x1f642;.<\/p>\n\n\n\n<p>A todos\/as nos hac\u00eda una gran falta vivir un <strong>periodo de fiestas sin restricciones<\/strong> y como siempre hemos conocido, tras los dos \u00faltimos a\u00f1os diezmadas a causa del covid y la pandemia. Se nota en el ambiente, en las caras de grandes y peque\u00f1os, que <strong>hab\u00eda necesidad de liberarse y disfrutar los Pilares<\/strong> como se merecen, junto a amigos\/as y familiares, y con el orgullo henchido por ver nuestra ciudad engalanada y radiante, y sus calles, palpitando vida y rebosantes tambi\u00e9n de visitantes de otros muchos lugares de Espa\u00f1a y el extranjero.<\/p>\n\n\n\n<h2 class=\"wp-block-heading\"><strong><strong>Semana grande en Zaragoza<\/strong><\/strong><\/h2>\n\n\n\n<p>Desde el pasado <strong>s\u00e1bado d\u00eda 8 hasta el pr\u00f3ximo domingo 16 de octubre<\/strong>, las fiestas del Pilar est\u00e1n siendo el motor de unas jornadas en las que todos\/as ganan: padres, ni\u00f1os\/as, abuelos\/as, turistas y, tambi\u00e9n (y bien que hace falta) los comerciantes. La <strong>enorme actividad en las calles<\/strong>, gracias a las muchas y variadas actividades que el programa oficial de fiestas ofrece, est\u00e1 incrementando el consumo de ocio, cultural y gastron\u00f3mico, para beneficio del tejido comercial y empresarial de la ciudad.<\/p>\n\n\n\n<p><u>Tambi\u00e9n en joyer\u00edas y boutiques<\/u><\/p>\n\n\n\n<p>Como marca la tradici\u00f3n, <strong>las joyas baturras<\/strong> son las m\u00e1s demandadas estos d\u00edas para acompa\u00f1ar a los <strong>vestidos de gala<\/strong> que se lucen en la ofrenda de flores, y que tambi\u00e9n se lucir\u00e1n en la ofrenda de frutos del d\u00eda 13, adem\u00e1s de en diferentes eventos folcl\u00f3ricos y festivos p\u00fablicos y privados que los zaragozanos y zaragozanas est\u00e1n disfrutando en su semana grande.<\/p>\n\n\n\n<p>Hablamos, principalmente, de <strong>peinetas, horquillas, pendientes, broches y colgantes<\/strong>. Piezas especiales y espec\u00edficas para estos d\u00edas del Pilar, que se guardan con celo en <strong><a rel=\"noreferrer noopener\" href=\"https:\/\/boxpack.es\/16-estuches-joyeria\" target=\"_blank\">estuches de joyer\u00eda<\/a><\/strong> para ser las absolutas protagonistas cuando llegan los d\u00edas marcados del mes de octubre.<\/p>\n\n\n\n<p><u>Un programa repleto de actividades<\/u><\/p>\n\n\n\n<p>El preg\u00f3n del pasado s\u00e1bado d\u00eda 8 dio oficialmente el pistoletazo de salida a <strong>10 jornadas festivas repletas de m\u00fasica, cultura, gastronom\u00eda y ocio<\/strong>, aunque ya desde el viernes d\u00eda 7, hubo multitud de actividades como, por ejemplo, la inauguraci\u00f3n del V festival Ebro Food 2022 alrededor de la plaza Europa, en el barrio de La Almozara. &nbsp;<\/p>\n\n\n\n<p>Destaca <strong>este a\u00f1o un programa ciertamente descentralizado<\/strong>, con el objetivo claro de que la festividad y la afluencia de p\u00fablico se disperse por todos los barrios y distritos, gracias a las muchas actividades que tendr\u00e1n lugar en ellos.<\/p>\n\n\n\n<p>La <strong>ofrenda de flores de hoy d\u00eda 12<\/strong>, al fin, sin restricciones de p\u00fablico tras los dos a\u00f1os pasados muy limitada por las medidas anti covid.<\/p>\n\n\n\n<p>Los <strong>conciertos gratuitos en la plaza del Pilar<\/strong>, que son ya un cl\u00e1sico y un im\u00e1n para j\u00f3venes, adultos y familias enteras, est\u00e1n siendo, como siempre, el centro neur\u00e1lgico de la m\u00fasica en el Pilar con actuaciones de artistas de renombre nacional e internacional como Pablo Albor\u00e1n, Fangoria o Kalush Orchestra de Ucrania.<\/p>\n\n\n\n<p><strong>Las Jotas<\/strong>, como no pod\u00eda ser de otra manera, tienen<strong> su escenario propio junto a la fuente de la Hispanidad<\/strong>, con actuaciones desde pr\u00e1cticamente el primer d\u00eda y hasta el s\u00e1bado 15. Las principales escuelas de Zaragoza tendr\u00e1n su cuota de participaci\u00f3n para deleite de todos los amantes de nuestra mayor expresi\u00f3n de canto y danza en Arag\u00f3n.<\/p>\n\n\n\n<p>Otro cl\u00e1sico: La Muestra de Artesan\u00eda en la plaza de los Sitios. Y, por supuesto, la programaci\u00f3n infantil en estas fiestas est\u00e1 siendo muy completa. Como siempre, destacan los Tragachicos y la comparsa de Gigantes y Cabezudos, que recorren todos los barrios de la ciudad estos d\u00edas.<\/p>\n\n\n\n<p>Adem\u00e1s, los eventos taurinos en la plaza de La Misericordia (que incluyen, como no, las populares vaquillas) y otros menos vistos y tradicionales como el show de drones que tendr\u00e1 lugar en la noche del viernes 14 de octubre, donde un total de 200 artefactos sobrevolar\u00e1n el cielo de la ciudad en un espect\u00e1culo luminoso alrededor del r\u00edo Ebro entre la plaza de La Almozara y la del Pilar.<\/p>\n\n\n\n<p>En definitiva, unas fiestas del Pilar como, al fin, nos merec\u00edamos los zaragozanos y zaragozanas.<\/p>\n\n\n\n<h2 class=\"wp-block-heading\"><\/h2>\n\n\n\n<p><\/p>\n","protected":false},"excerpt":{"rendered":"<p>Desde la familia de Boxpack os deseamos a todos\/as los\/as zaragozanos\/as \u00a1un feliz d\u00eda del Pilar &#x1f917;! Tambi\u00e9n, por supuesto, a los habitantes de la ciudad que, aun no habiendo nacido en Zaragoza, son y se sienten ma\u00f1icos\/as como todos nosotros\/as &#x1f642;. A todos\/as nos hac\u00eda una gran falta vivir un periodo de fiestas sin&hellip;<\/p>\n","protected":false},"author":2,"featured_media":1101,"comment_status":"open","ping_status":"open","sticky":false,"template":"","format":"standard","meta":{"ngg_post_thumbnail":0,"footnotes":""},"categories":[1],"tags":[],"_links":{"self":[{"href":"https:\/\/boxpack.es\/blog\/wp-json\/wp\/v2\/posts\/1084"}],"collection":[{"href":"https:\/\/boxpack.es\/blog\/wp-json\/wp\/v2\/posts"}],"about":[{"href":"https:\/\/boxpack.es\/blog\/wp-json\/wp\/v2\/types\/post"}],"author":[{"embeddable":true,"href":"https:\/\/boxpack.es\/blog\/wp-json\/wp\/v2\/users\/2"}],"replies":[{"embeddable":true,"href":"https:\/\/boxpack.es\/blog\/wp-json\/wp\/v2\/comments?post=1084"}],"version-history":[{"count":7,"href":"https:\/\/boxpack.es\/blog\/wp-json\/wp\/v2\/posts\/1084\/revisions"}],"predecessor-version":[{"id":1105,"href":"https:\/\/boxpack.es\/blog\/wp-json\/wp\/v2\/posts\/1084\/revisions\/1105"}],"wp:featuredmedia":[{"embeddable":true,"href":"https:\/\/boxpack.es\/blog\/wp-json\/wp\/v2\/media\/1101"}],"wp:attachment":[{"href":"https:\/\/boxpack.es\/blog\/wp-json\/wp\/v2\/media?parent=1084"}],"wp:term":[{"taxonomy":"category","embeddable":true,"href":"https:\/\/boxpack.es\/blog\/wp-json\/wp\/v2\/categories?post=1084"},{"taxonomy":"post_tag","embeddable":true,"href":"https:\/\/boxpack.es\/blog\/wp-json\/wp\/v2\/tags?post=1084"}],"curies":[{"name":"wp","href":"https:\/\/api.w.org\/{rel}","templated":true}]}}